{"id":142,"count":10,"description":"En raison du cong\u00e9 f\u00e9ri\u00e9, votre livraison du mardi aura exceptionnellement lieu le MERCREDI 14 octobre.","link":"https:\/\/papacuisine.com\/en\/menu\/menu-du-10-05\/","name":"Livraison du 14 octobre","slug":"menu-du-10-05","taxonomy":"product_cat","parent":0,"meta":[],"menu_order":0,"cat_url":"https:\/\/papacuisine.com\/en\/menu\/menu-du-10-05\/","_links":{"self":[{"href":"https:\/\/papacuisine.com\/en\/wp-json\/wp\/v2\/product_cat\/142","targetHints":{"allow":["GET"]}}],"collection":[{"href":"https:\/\/papacuisine.com\/en\/wp-json\/wp\/v2\/product_cat"}],"about":[{"href":"https:\/\/papacuisine.com\/en\/wp-json\/wp\/v2\/taxonomies\/product_cat"}],"wp:post_type":[{"href":"https:\/\/papacuisine.com\/en\/wp-json\/wp\/v2\/product?product_cat=142"}],"curies":[{"name":"wp","href":"https:\/\/api.w.org\/{rel}","templated":true}]}}